{"id":1249,"date":"2025-08-09T07:49:14","date_gmt":"2025-08-09T06:49:14","guid":{"rendered":"https:\/\/www.groningen.polskaszkola.nl\/?p=1249"},"modified":"2025-08-09T07:49:14","modified_gmt":"2025-08-09T06:49:14","slug":"dofinansowanie-2025","status":"publish","type":"post","link":"http:\/\/www.groningen.polskaszkola.nl\/?p=1249","title":{"rendered":"Dofinansowanie 2025"},"content":{"rendered":"\n<p>Informujemy, \u017ce nasza szko\u0142a otrzyma\u0142a za po\u015brednictwem Stowarzyszenia \u201eWsp\u00f3lnota Polska\u201d<br>dofinansowanie od Instytutu Rozwoju J\u0119zyka Polskiego im. \u015aw. Maksymiliana Marii Kolbego ze<br>\u015brodk\u00f3w bud\u017cetu pa\u0144stwa w ramach konkursu \u201eEdukacja Polonijna \u2013 wsparcie szk\u00f3\u0142 polonijnych za<br>granic\u0105\u201d.<br>Kwota dotacji w 2025 r. : 31\u00a0970 PLN<br>Ca\u0142kowita warto\u015b\u0107 zadania publicznego: 422\u00a0878,72 PLN<br>Zadanie publiczne polega na wsparciu szk\u00f3\u0142 polonijnych poprzez dofinansowanie koszt\u00f3w wynajmu<br>pomieszcze\u0144, wynagrodze\u0144 nauczycieli, ubezpieczenia i innych koszt\u00f3w funkcjonowania plac\u00f3wki.<br>Dofinansowano przez Instytut Rozwoju J\u0119zyka Polskiego ze \u015brodk\u00f3w bud\u017cetu pa\u0144stwa w ramach<br>dotacji celowej na podstawie umowy o dofinansowanie 131\/K1\/2025 z dnia 2025-06-27 w ramach<br>wykonania zadania \u201e\u201eEdukacja polska w Holandii \u2013 wsparcie, rozw\u00f3j, integracja\u201d .<\/p>\n\n\n\n<figure class=\"wp-block-image size-large\"><a href=\"http:\/\/www.groningen.polskaszkola.nl\/wp-content\/uploads\/2025\/08\/Zestawienie_znakow_pelne.jpg\"><img loading=\"lazy\" width=\"1024\" height=\"371\" src=\"http:\/\/www.groningen.polskaszkola.nl\/wp-content\/uploads\/2025\/08\/Zestawienie_znakow_pelne.jpg\" alt=\"\" class=\"wp-image-1247\" srcset=\"http:\/\/www.groningen.polskaszkola.nl\/wp-content\/uploads\/2025\/08\/Zestawienie_znakow_pelne.jpg 1024w, http:\/\/www.groningen.polskaszkola.nl\/wp-content\/uploads\/2025\/08\/Zestawienie_znakow_pelne-300x109.jpg 300w, http:\/\/www.groningen.polskaszkola.nl\/wp-content\/uploads\/2025\/08\/Zestawienie_znakow_pelne-768x278.jpg 768w\" sizes=\"(max-width: 1024px) 100vw, 1024px\" \/><\/a><\/figure>\n","protected":false},"excerpt":{"rendered":"<p>Informujemy, \u017ce nasza szko\u0142a otrzyma\u0142a za po\u015brednictwem Stowarzyszenia \u201eWsp\u00f3lnota Polska\u201ddofinansowanie od Instytutu Rozwoju J\u0119zyka Polskiego im. \u015aw. Maksymiliana Marii Kolbego ze\u015brodk\u00f3w bud\u017cetu pa\u0144stwa w ramach konkursu \u201eEdukacja Polonijna \u2013 wsparcie szk\u00f3\u0142 polonijnych zagranic\u0105\u201d.Kwota dotacji w 2025 r. : 31\u00a0970 PLNCa\u0142kowita warto\u015b\u0107 zadania publicznego: 422\u00a0878,72 PLNZadanie publiczne polega na wsparciu szk\u00f3\u0142 polonijnych poprzez dofinansowanie koszt\u00f3w wynajmupomieszcze\u0144,&hellip; <br \/> <a class=\"read-more\" href=\"http:\/\/www.groningen.polskaszkola.nl\/?p=1249\">Przeczytaj wi\u0119cej<\/a><\/p>\n","protected":false},"author":2,"featured_media":0,"comment_status":"closed","ping_status":"open","sticky":false,"template":"","format":"standard","meta":[],"categories":[1],"tags":[],"_links":{"self":[{"href":"http:\/\/www.groningen.polskaszkola.nl\/index.php?rest_route=\/wp\/v2\/posts\/1249"}],"collection":[{"href":"http:\/\/www.groningen.polskaszkola.nl\/index.php?rest_route=\/wp\/v2\/posts"}],"about":[{"href":"http:\/\/www.groningen.polskaszkola.nl\/index.php?rest_route=\/wp\/v2\/types\/post"}],"author":[{"embeddable":true,"href":"http:\/\/www.groningen.polskaszkola.nl\/index.php?rest_route=\/wp\/v2\/users\/2"}],"replies":[{"embeddable":true,"href":"http:\/\/www.groningen.polskaszkola.nl\/index.php?rest_route=%2Fwp%2Fv2%2Fcomments&post=1249"}],"version-history":[{"count":1,"href":"http:\/\/www.groningen.polskaszkola.nl\/index.php?rest_route=\/wp\/v2\/posts\/1249\/revisions"}],"predecessor-version":[{"id":1250,"href":"http:\/\/www.groningen.polskaszkola.nl\/index.php?rest_route=\/wp\/v2\/posts\/1249\/revisions\/1250"}],"wp:attachment":[{"href":"http:\/\/www.groningen.polskaszkola.nl\/index.php?rest_route=%2Fwp%2Fv2%2Fmedia&parent=1249"}],"wp:term":[{"taxonomy":"category","embeddable":true,"href":"http:\/\/www.groningen.polskaszkola.nl\/index.php?rest_route=%2Fwp%2Fv2%2Fcategories&post=1249"},{"taxonomy":"post_tag","embeddable":true,"href":"http:\/\/www.groningen.polskaszkola.nl\/index.php?rest_route=%2Fwp%2Fv2%2Ftags&post=1249"}],"curies":[{"name":"wp","href":"https:\/\/api.w.org\/{rel}","templated":true}]}}