{"id":166,"date":"2013-09-17T07:29:23","date_gmt":"2013-09-17T06:29:23","guid":{"rendered":"http:\/\/www.groningen.polskaszkola.nl?p=166"},"modified":"2014-01-12T15:30:47","modified_gmt":"2014-01-12T14:30:47","slug":"dineke-en-aaldrik-ereburgers","status":"publish","type":"post","link":"http:\/\/www.groningen.polskaszkola.nl\/?p=166","title":{"rendered":"<!--:pl-->Dineke i Aaldrik obywatele honorowi <!--:--><!--:nl-->Dineke en Aaldrik ereburgers <!--:-->"},"content":{"rendered":"<p><!--:pl-->Cz\u0142onkom naszej polskiej szko\u0142y w Groningen przyznano tytu\u0142y obywatela honorowego gminy Zb\u0105szynek. Zobacz tutaj artyku\u0142 w gazecie, Uchwa\u0142\u0119 Rady Miejskiej i dyplom:<\/p>\n<p><a href=\"http:\/\/www.groningen.polskaszkola.nl\/wp-content\/uploads\/2013\/09\/Krantenartikel-Dineke-en-Aaldrik-ereburger-pl.pdf\">Artyku\u0142 z gazety Dineke i Aaldrik honorowy obywatele gminy Zb\u0105szynek (pl)<\/a><br \/>\n<a href=\"http:\/\/www.groningen.polskaszkola.nl\/wp-content\/uploads\/2013\/09\/Krantenartikel-Dineke-en-Aaldrik-ereburger-nl.pdf\">Artyku\u0142 z gazety Dineke i Aaldrik honorowy obywatele gminy Zb\u0105szynek (nl)<\/a><\/p>\n<p><a href=\"http:\/\/www.groningen.polskaszkola.nl\/wp-content\/uploads\/2013\/09\/Raadsbesluit-gemeenteraad-Zb\u0105szynek-pl.pdf\">Uchwa\u0142\u0119 Rady Miejskiej Zb\u0105szynku (pl)<\/a><br \/>\n<a href=\"http:\/\/www.groningen.polskaszkola.nl\/wp-content\/uploads\/2013\/09\/Raadsbesluit-gemeenteraad-Zb\u0105szynek-nl.pdf\">Uchwa\u0142\u0119 Rady Miejskiej Zb\u0105szynku (nl)<\/a><\/p>\n<p><a href=\"http:\/\/www.groningen.polskaszkola.nl\/wp-content\/uploads\/2013\/09\/Oorkonde-pl.pdf\">Dyplom (pl)<\/a><br \/>\n<a href=\"http:\/\/www.groningen.polskaszkola.nl\/wp-content\/uploads\/2013\/09\/Oorkonde-nl.pdf\">Dyplom (nl)<\/a><!--:--><!--:nl-->Leden van onze Poolse School Groningen zijn benoemd tot ereburger van de gemeente Zb\u0105szynek. Bekijk hier het krantenartikel, het raadsbesluit en de oorkonde:<\/p>\n<p><a href=\"http:\/\/www.groningen.polskaszkola.nl\/wp-content\/uploads\/2013\/09\/Krantenartikel-Dineke-en-Aaldrik-ereburger-pl.pdf\">Krantenartikel Dineke en Aaldrik ereburgers Zb\u0105szynek (pl)<\/a><br \/>\n<a href=\"http:\/\/www.groningen.polskaszkola.nl\/wp-content\/uploads\/2013\/09\/Krantenartikel-Dineke-en-Aaldrik-ereburger-nl.pdf\">Krantenartikel Dineke en Aaldrik ereburgers Zb\u0105szynek (nl)<\/a><\/p>\n<p><a href=\"http:\/\/www.groningen.polskaszkola.nl\/wp-content\/uploads\/2013\/09\/Raadsbesluit-gemeenteraad-Zb\u0105szynek-pl.pdf\">Raadsbesluit gemeenteraad Zb\u0105szynek (pl)<\/a><br \/>\n<a href=\"http:\/\/www.groningen.polskaszkola.nl\/wp-content\/uploads\/2013\/09\/Raadsbesluit-gemeenteraad-Zb\u0105szynek-nl.pdf\">Raadsbesluit gemeenteraad Zb\u0105szynek (nl)<\/a><\/p>\n<p><a href=\"http:\/\/www.groningen.polskaszkola.nl\/wp-content\/uploads\/2013\/09\/Oorkonde-pl.pdf\">Oorkonde (pl)<\/a><br \/>\n<a href=\"http:\/\/www.groningen.polskaszkola.nl\/wp-content\/uploads\/2013\/09\/Oorkonde-nl.pdf\">Oorkonde (nl)<\/a><!--:--><\/p>\n","protected":false},"excerpt":{"rendered":"<p>Cz\u0142onkom naszej polskiej szko\u0142y w Groningen przyznano tytu\u0142y obywatela honorowego gminy Zb\u0105szynek. Zobacz tutaj artyku\u0142 w gazecie, Uchwa\u0142\u0119 Rady Miejskiej i dyplom: Artyku\u0142 z gazety Dineke i Aaldrik honorowy obywatele gminy Zb\u0105szynek (pl) Artyku\u0142 z gazety Dineke i Aaldrik honorowy obywatele gminy Zb\u0105szynek (nl) Uchwa\u0142\u0119 Rady Miejskiej Zb\u0105szynku (pl) Uchwa\u0142\u0119 Rady Miejskiej Zb\u0105szynku (nl) Dyplom&hellip; <br \/> <a class=\"read-more\" href=\"http:\/\/www.groningen.polskaszkola.nl\/?p=166\">Przeczytaj wi\u0119cej<\/a><\/p>\n","protected":false},"author":2,"featured_media":167,"comment_status":"closed","ping_status":"closed","sticky":false,"template":"","format":"standard","meta":[],"categories":[1],"tags":[],"_links":{"self":[{"href":"http:\/\/www.groningen.polskaszkola.nl\/index.php?rest_route=\/wp\/v2\/posts\/166"}],"collection":[{"href":"http:\/\/www.groningen.polskaszkola.nl\/index.php?rest_route=\/wp\/v2\/posts"}],"about":[{"href":"http:\/\/www.groningen.polskaszkola.nl\/index.php?rest_route=\/wp\/v2\/types\/post"}],"author":[{"embeddable":true,"href":"http:\/\/www.groningen.polskaszkola.nl\/index.php?rest_route=\/wp\/v2\/users\/2"}],"replies":[{"embeddable":true,"href":"http:\/\/www.groningen.polskaszkola.nl\/index.php?rest_route=%2Fwp%2Fv2%2Fcomments&post=166"}],"version-history":[{"count":6,"href":"http:\/\/www.groningen.polskaszkola.nl\/index.php?rest_route=\/wp\/v2\/posts\/166\/revisions"}],"predecessor-version":[{"id":230,"href":"http:\/\/www.groningen.polskaszkola.nl\/index.php?rest_route=\/wp\/v2\/posts\/166\/revisions\/230"}],"wp:featuredmedia":[{"embeddable":true,"href":"http:\/\/www.groningen.polskaszkola.nl\/index.php?rest_route=\/wp\/v2\/media\/167"}],"wp:attachment":[{"href":"http:\/\/www.groningen.polskaszkola.nl\/index.php?rest_route=%2Fwp%2Fv2%2Fmedia&parent=166"}],"wp:term":[{"taxonomy":"category","embeddable":true,"href":"http:\/\/www.groningen.polskaszkola.nl\/index.php?rest_route=%2Fwp%2Fv2%2Fcategories&post=166"},{"taxonomy":"post_tag","embeddable":true,"href":"http:\/\/www.groningen.polskaszkola.nl\/index.php?rest_route=%2Fwp%2Fv2%2Ftags&post=166"}],"curies":[{"name":"wp","href":"https:\/\/api.w.org\/{rel}","templated":true}]}}