{"id":506,"date":"2014-11-19T20:21:49","date_gmt":"2014-11-19T19:21:49","guid":{"rendered":"http:\/\/www.groningen.polskaszkola.nl\/?p=506"},"modified":"2014-11-19T20:41:40","modified_gmt":"2014-11-19T19:41:40","slug":"polska-cafe-23-november-2014","status":"publish","type":"post","link":"http:\/\/www.groningen.polskaszkola.nl\/?p=506","title":{"rendered":"<!--:pl-->Polska Cafe 23 listopada 2014<!--:--><!--:nl-->Polska Cafe 23 november 2014<!--:-->"},"content":{"rendered":"<p><!--:pl-->Szanowni Pa\u0144stwo,<\/p>\n<p>Serdecznie zapraszamy do Polska Cafe Listopadowej ju\u017c w nadchodz\u0105c\u0105 niedziel\u0119. Zajmiemy si\u0119 przepowiadaniem przysz\u0142o\u015bci\u2026<\/p>\n<p>Zapraszamy, do\u0142\u0105czcie te\u017c do nas na facebook:<br \/>\n<a href=\"https:\/\/www.facebook.com\/polskacafe\" target=\"_blank\">https:\/\/www.facebook.com\/polskacafe<\/a><br \/>\n<a href=\"https:\/\/www.facebook.com\/events\/375492939282357\" target=\"_blank\">https:\/\/www.facebook.com\/events\/375492939282357<\/a><\/p>\n<p>Do zobaczenia!<br \/>\nOchotnicy z Polska Cafe<\/p>\n<p><a href=\"http:\/\/www.groningen.polskaszkola.nl\/wp-content\/uploads\/2014\/11\/plakat-wrozby.jpg\"><img loading=\"lazy\" src=\"http:\/\/www.groningen.polskaszkola.nl\/wp-content\/uploads\/2014\/11\/plakat-wrozby-720x1024.jpg\" alt=\"plakat wrozby\" width=\"625\" height=\"888\" class=\"alignleft size-large wp-image-507\" srcset=\"http:\/\/www.groningen.polskaszkola.nl\/wp-content\/uploads\/2014\/11\/plakat-wrozby-720x1024.jpg 720w, http:\/\/www.groningen.polskaszkola.nl\/wp-content\/uploads\/2014\/11\/plakat-wrozby-211x300.jpg 211w, http:\/\/www.groningen.polskaszkola.nl\/wp-content\/uploads\/2014\/11\/plakat-wrozby-624x886.jpg 624w, http:\/\/www.groningen.polskaszkola.nl\/wp-content\/uploads\/2014\/11\/plakat-wrozby.jpg 800w\" sizes=\"(max-width: 625px) 100vw, 625px\" \/><\/a><br \/>\n<!--:--><!--:nl-->Beste allemaal,<\/p>\n<p>Van harte welkom in ons Polska Caf\u00e9 van november. Dat is al komende zondag. We gaan de toekomst voorspellen&#8230;<\/p>\n<p>Zie ook de facebookpagina van het Polska Caf\u00e9:<br \/>\n<a href=\"https:\/\/www.facebook.com\/polskacafe\" target=\"_blank\">https:\/\/www.facebook.com\/polskacafe<\/a><br \/>\nDe link naar het evenement:<br \/>\n<a href=\"https:\/\/www.facebook.com\/events\/375492939282357\" target=\"_blank\">https:\/\/www.facebook.com\/events\/375492939282357<\/a><\/p>\n<p>Tot dan!<br \/>\nVrijwilligers van het Polska Caf\u00e9<\/p>\n<p><a href=\"http:\/\/www.groningen.polskaszkola.nl\/wp-content\/uploads\/2014\/11\/plakat-wrozby.jpg\"><img loading=\"lazy\" src=\"http:\/\/www.groningen.polskaszkola.nl\/wp-content\/uploads\/2014\/11\/plakat-wrozby-720x1024.jpg\" alt=\"plakat wrozby\" width=\"625\" height=\"888\" class=\"alignleft size-large wp-image-507\" srcset=\"http:\/\/www.groningen.polskaszkola.nl\/wp-content\/uploads\/2014\/11\/plakat-wrozby-720x1024.jpg 720w, http:\/\/www.groningen.polskaszkola.nl\/wp-content\/uploads\/2014\/11\/plakat-wrozby-211x300.jpg 211w, http:\/\/www.groningen.polskaszkola.nl\/wp-content\/uploads\/2014\/11\/plakat-wrozby-624x886.jpg 624w, http:\/\/www.groningen.polskaszkola.nl\/wp-content\/uploads\/2014\/11\/plakat-wrozby.jpg 800w\" sizes=\"(max-width: 625px) 100vw, 625px\" \/><\/a><!--:--><\/p>\n","protected":false},"excerpt":{"rendered":"<p>Szanowni Pa\u0144stwo, Serdecznie zapraszamy do Polska Cafe Listopadowej ju\u017c w nadchodz\u0105c\u0105 niedziel\u0119. Zajmiemy si\u0119 przepowiadaniem przysz\u0142o\u015bci\u2026 Zapraszamy, do\u0142\u0105czcie te\u017c do nas na facebook: https:\/\/www.facebook.com\/polskacafe https:\/\/www.facebook.com\/events\/375492939282357 Do zobaczenia! Ochotnicy z Polska Cafe Beste allemaal, Van harte welkom in ons Polska Caf\u00e9 van november. Dat is al komende zondag. We gaan de toekomst voorspellen&#8230; Zie ook de&hellip; <br \/> <a class=\"read-more\" href=\"http:\/\/www.groningen.polskaszkola.nl\/?p=506\">Przeczytaj wi\u0119cej<\/a><\/p>\n","protected":false},"author":3,"featured_media":0,"comment_status":"closed","ping_status":"open","sticky":false,"template":"","format":"standard","meta":[],"categories":[1,13],"tags":[],"_links":{"self":[{"href":"http:\/\/www.groningen.polskaszkola.nl\/index.php?rest_route=\/wp\/v2\/posts\/506"}],"collection":[{"href":"http:\/\/www.groningen.polskaszkola.nl\/index.php?rest_route=\/wp\/v2\/posts"}],"about":[{"href":"http:\/\/www.groningen.polskaszkola.nl\/index.php?rest_route=\/wp\/v2\/types\/post"}],"author":[{"embeddable":true,"href":"http:\/\/www.groningen.polskaszkola.nl\/index.php?rest_route=\/wp\/v2\/users\/3"}],"replies":[{"embeddable":true,"href":"http:\/\/www.groningen.polskaszkola.nl\/index.php?rest_route=%2Fwp%2Fv2%2Fcomments&post=506"}],"version-history":[{"count":5,"href":"http:\/\/www.groningen.polskaszkola.nl\/index.php?rest_route=\/wp\/v2\/posts\/506\/revisions"}],"predecessor-version":[{"id":512,"href":"http:\/\/www.groningen.polskaszkola.nl\/index.php?rest_route=\/wp\/v2\/posts\/506\/revisions\/512"}],"wp:attachment":[{"href":"http:\/\/www.groningen.polskaszkola.nl\/index.php?rest_route=%2Fwp%2Fv2%2Fmedia&parent=506"}],"wp:term":[{"taxonomy":"category","embeddable":true,"href":"http:\/\/www.groningen.polskaszkola.nl\/index.php?rest_route=%2Fwp%2Fv2%2Fcategories&post=506"},{"taxonomy":"post_tag","embeddable":true,"href":"http:\/\/www.groningen.polskaszkola.nl\/index.php?rest_route=%2Fwp%2Fv2%2Ftags&post=506"}],"curies":[{"name":"wp","href":"https:\/\/api.w.org\/{rel}","templated":true}]}}