{"id":536,"date":"2015-01-23T22:32:47","date_gmt":"2015-01-23T21:32:47","guid":{"rendered":"http:\/\/www.groningen.polskaszkola.nl\/?p=536"},"modified":"2020-08-14T16:56:24","modified_gmt":"2020-08-14T15:56:24","slug":"polska-cafe-zaterdag-7-februari-2015-thema-ik-zoek-werk","status":"publish","type":"post","link":"http:\/\/www.groningen.polskaszkola.nl\/?p=536","title":{"rendered":"<!--:pl-->Polska Cafe sobota 7 lutego 2015 &#8211; temat: szukam pracy<!--:--><!--:nl-->Polska Cafe zaterdag 7 februari 2015 &#8211; thema: ik zoek werk<!--:-->"},"content":{"rendered":"<p><!--:pl--><\/p>\n<p style=\"text-align: left;\">Zapraszamy w sobot\u0119 7 lutego do Polska Cafe<\/p>\n<p>Lokalizacja:<br \/>\n<a href=\"http:\/\/www.groningen.polskaszkola.nl\/?page_id=25\" target=\"_blank\" rel=\"noopener noreferrer\">Madoerastraat 16<\/a><\/p>\n<p>Strona Polska Caf\u00e9 na facebooku:<br \/>\n<a href=\"https:\/\/www.facebook.com\/polskacafe\" target=\"_blank\" rel=\"noopener noreferrer\">https:\/\/www.facebook.com\/polskacafe<\/a><br \/>\nZaproszenie na facebook:<br \/>\n<a href=\"https:\/\/www.facebook.com\/events\/1765262563697995\" target=\"_blank\" rel=\"noopener noreferrer\">https:\/\/www.facebook.com\/events\/1765262563697995<\/a><\/p>\n<p><a href=\"http:\/\/www.groningen.polskaszkola.nl\/wp-content\/uploads\/2015\/01\/2015-02-07-Polska-Cafe-Szukam-pracy-.jpg\"><img loading=\"lazy\" class=\"alignleft size-full wp-image-537\" alt=\"2015-02-07 Polska Cafe - Szukam pracy\" src=\"http:\/\/www.groningen.polskaszkola.nl\/wp-content\/uploads\/2015\/01\/2015-02-07-Polska-Cafe-Szukam-pracy-.jpg\" width=\"600\" height=\"866\" srcset=\"http:\/\/www.groningen.polskaszkola.nl\/wp-content\/uploads\/2015\/01\/2015-02-07-Polska-Cafe-Szukam-pracy-.jpg 600w, http:\/\/www.groningen.polskaszkola.nl\/wp-content\/uploads\/2015\/01\/2015-02-07-Polska-Cafe-Szukam-pracy--207x300.jpg 207w\" sizes=\"(max-width: 600px) 100vw, 600px\" \/><\/a><!--:--><!--:nl--><\/p>\n<p style=\"text-align: center;\">Welkom in het Polska Caf\u00e9 op zaterdag 7 februari 2015<\/p>\n<p style=\"text-align: center;\">Thema:<br \/>\n<strong>Ik zoek werk<\/strong><br \/>\nHoe schrijf je een CV en motivatiebrief<\/p>\n<p style=\"text-align: center;\">De workshop wordt geleid door<br \/>\n<strong>Anna \u017b\u00f3\u0142towska<\/strong><\/p>\n<p style=\"text-align: center;\">Neem een Nederlandse CV mee en een eigen motivatiebrief (als je die hebt) samen met de vacature die je interesse heeft.<\/p>\n<p style=\"text-align: center;\">Ons adres:<br \/>\nMadoerastraat 16, Groningen<br \/>\nom 13:00 uur<\/p>\n<p style=\"text-align: center;\">Zie hier voor info over de locatie:<br \/>\n<a href=\"http:\/\/www.groningen.polskaszkola.nl\/?page_id=25\" target=\"_blank\" rel=\"noopener noreferrer\">Beschrijving locatie<\/a><\/p>\n<p style=\"text-align: center;\">Zie ook de facebookpagina van het Polska Caf\u00e9:<br \/>\n<a href=\"https:\/\/www.facebook.com\/polskacafe\" target=\"_blank\" rel=\"noopener noreferrer\">https:\/\/www.facebook.com\/polskacafe<\/a><br \/>\nDe link naar het evenement:<br \/>\n<a href=\"https:\/\/www.facebook.com\/events\/1765262563697995\" target=\"_blank\" rel=\"noopener noreferrer\">https:\/\/www.facebook.com\/events\/1765262563697995<\/a><br \/>\n<a href=\"http:\/\/www.groningen.polskaszkola.nl\/wp-content\/uploads\/2015\/01\/2015-02-07-Polska-Cafe-Szukam-pracy-.jpg\"><img loading=\"lazy\" class=\"alignleft size-full wp-image-537\" alt=\"2015-02-07 Polska Cafe - Szukam pracy\" src=\"http:\/\/www.groningen.polskaszkola.nl\/wp-content\/uploads\/2015\/01\/2015-02-07-Polska-Cafe-Szukam-pracy-.jpg\" width=\"600\" height=\"866\" srcset=\"http:\/\/www.groningen.polskaszkola.nl\/wp-content\/uploads\/2015\/01\/2015-02-07-Polska-Cafe-Szukam-pracy-.jpg 600w, http:\/\/www.groningen.polskaszkola.nl\/wp-content\/uploads\/2015\/01\/2015-02-07-Polska-Cafe-Szukam-pracy--207x300.jpg 207w\" sizes=\"(max-width: 600px) 100vw, 600px\" \/><\/a><\/p>\n<p><!--:--><\/p>\n","protected":false},"excerpt":{"rendered":"<p>Zapraszamy w sobot\u0119 7 lutego do Polska Cafe Lokalizacja: Madoerastraat 16 Strona Polska Caf\u00e9 na facebooku: https:\/\/www.facebook.com\/polskacafe Zaproszenie na facebook: https:\/\/www.facebook.com\/events\/1765262563697995 Welkom in het Polska Caf\u00e9 op zaterdag 7 februari 2015 Thema: Ik zoek werk Hoe schrijf je een CV en motivatiebrief De workshop wordt geleid door Anna \u017b\u00f3\u0142towska Neem een Nederlandse CV mee en&hellip; <br \/> <a class=\"read-more\" href=\"http:\/\/www.groningen.polskaszkola.nl\/?p=536\">Przeczytaj wi\u0119cej<\/a><\/p>\n","protected":false},"author":3,"featured_media":0,"comment_status":"closed","ping_status":"open","sticky":false,"template":"","format":"standard","meta":[],"categories":[1,13],"tags":[],"_links":{"self":[{"href":"http:\/\/www.groningen.polskaszkola.nl\/index.php?rest_route=\/wp\/v2\/posts\/536"}],"collection":[{"href":"http:\/\/www.groningen.polskaszkola.nl\/index.php?rest_route=\/wp\/v2\/posts"}],"about":[{"href":"http:\/\/www.groningen.polskaszkola.nl\/index.php?rest_route=\/wp\/v2\/types\/post"}],"author":[{"embeddable":true,"href":"http:\/\/www.groningen.polskaszkola.nl\/index.php?rest_route=\/wp\/v2\/users\/3"}],"replies":[{"embeddable":true,"href":"http:\/\/www.groningen.polskaszkola.nl\/index.php?rest_route=%2Fwp%2Fv2%2Fcomments&post=536"}],"version-history":[{"count":16,"href":"http:\/\/www.groningen.polskaszkola.nl\/index.php?rest_route=\/wp\/v2\/posts\/536\/revisions"}],"predecessor-version":[{"id":952,"href":"http:\/\/www.groningen.polskaszkola.nl\/index.php?rest_route=\/wp\/v2\/posts\/536\/revisions\/952"}],"wp:attachment":[{"href":"http:\/\/www.groningen.polskaszkola.nl\/index.php?rest_route=%2Fwp%2Fv2%2Fmedia&parent=536"}],"wp:term":[{"taxonomy":"category","embeddable":true,"href":"http:\/\/www.groningen.polskaszkola.nl\/index.php?rest_route=%2Fwp%2Fv2%2Fcategories&post=536"},{"taxonomy":"post_tag","embeddable":true,"href":"http:\/\/www.groningen.polskaszkola.nl\/index.php?rest_route=%2Fwp%2Fv2%2Ftags&post=536"}],"curies":[{"name":"wp","href":"https:\/\/api.w.org\/{rel}","templated":true}]}}