{"id":555,"date":"2015-03-27T21:26:40","date_gmt":"2015-03-27T20:26:40","guid":{"rendered":"http:\/\/www.groningen.polskaszkola.nl\/?p=555"},"modified":"2020-08-14T16:56:18","modified_gmt":"2020-08-14T15:56:18","slug":"paaseieren-beschilderen-in-polska-cafe-28-maart-2015","status":"publish","type":"post","link":"http:\/\/www.groningen.polskaszkola.nl\/?p=555","title":{"rendered":"<!--:pl-->Kawiarnia Wielkanocna Pisankowa &#8211; 28 marca 2015<!--:--><!--:nl-->Paaseieren beschilderen in Polska Cafe &#8211; 28 maart 2015<!--:-->"},"content":{"rendered":"<p><!--:pl-->Szanowni Pa\u0144stwo,<\/p>\n<p>Serdecznie zapraszamy na Wielkanocn\u0105 Polska Cafe.<br \/>\nKoszt udzia\u0142u (robienie pisanek i innych zdobie\u0144 jajkowych) to 2,50.<\/p>\n<p>Zapraszamy na nasza strone facebook  www.facebook.com\/polskacafe<\/p>\n<p>Do zobaczenia!<\/p>\n<p>W imieniu ochotnik\u00f3w z Polska Cafe<br \/>\nMagdalena Dijkstra<br \/>\n<a href=\"http:\/\/www.groningen.polskaszkola.nl\/wp-content\/uploads\/2015\/03\/2015-03-28-Kawiarnia-Wielkanocna-Pisankowa.jpg\"><img loading=\"lazy\" src=\"http:\/\/www.groningen.polskaszkola.nl\/wp-content\/uploads\/2015\/03\/2015-03-28-Kawiarnia-Wielkanocna-Pisankowa.jpg\" alt=\"2015-03-28 Kawiarnia Wielkanocna Pisankowa\" width=\"700\" height=\"1009\" class=\"alignleft size-full wp-image-556\" srcset=\"http:\/\/www.groningen.polskaszkola.nl\/wp-content\/uploads\/2015\/03\/2015-03-28-Kawiarnia-Wielkanocna-Pisankowa.jpg 700w, http:\/\/www.groningen.polskaszkola.nl\/wp-content\/uploads\/2015\/03\/2015-03-28-Kawiarnia-Wielkanocna-Pisankowa-208x300.jpg 208w, http:\/\/www.groningen.polskaszkola.nl\/wp-content\/uploads\/2015\/03\/2015-03-28-Kawiarnia-Wielkanocna-Pisankowa-624x899.jpg 624w\" sizes=\"(max-width: 700px) 100vw, 700px\" \/><\/a><!--:--><!--:nl-->Szanowni Pa\u0144stwo,<\/p>\n<p>Serdecznie zapraszamy na Wielkanocn\u0105 Polska Cafe.<br \/>\nKoszt udzia\u0142u (robienie pisanek i innych zdobie\u0144 jajkowych) to 2,50.<\/p>\n<p>Zapraszamy na nasza strone facebook  www.facebook.com\/polskacafe<\/p>\n<p>Do zobaczenia!<\/p>\n<p>W imieniu ochotnik\u00f3w z Polska Cafe<br \/>\nMagdalena Dijkstra<br \/>\n<a href=\"http:\/\/www.groningen.polskaszkola.nl\/wp-content\/uploads\/2015\/03\/2015-03-28-Kawiarnia-Wielkanocna-Pisankowa.jpg\"><img loading=\"lazy\" src=\"http:\/\/www.groningen.polskaszkola.nl\/wp-content\/uploads\/2015\/03\/2015-03-28-Kawiarnia-Wielkanocna-Pisankowa.jpg\" alt=\"2015-03-28 Kawiarnia Wielkanocna Pisankowa\" width=\"700\" height=\"1009\" class=\"alignleft size-full wp-image-556\" srcset=\"http:\/\/www.groningen.polskaszkola.nl\/wp-content\/uploads\/2015\/03\/2015-03-28-Kawiarnia-Wielkanocna-Pisankowa.jpg 700w, http:\/\/www.groningen.polskaszkola.nl\/wp-content\/uploads\/2015\/03\/2015-03-28-Kawiarnia-Wielkanocna-Pisankowa-208x300.jpg 208w, http:\/\/www.groningen.polskaszkola.nl\/wp-content\/uploads\/2015\/03\/2015-03-28-Kawiarnia-Wielkanocna-Pisankowa-624x899.jpg 624w\" sizes=\"(max-width: 700px) 100vw, 700px\" \/><\/a><!--:--><\/p>\n","protected":false},"excerpt":{"rendered":"<p>Szanowni Pa\u0144stwo, Serdecznie zapraszamy na Wielkanocn\u0105 Polska Cafe. Koszt udzia\u0142u (robienie pisanek i innych zdobie\u0144 jajkowych) to 2,50. Zapraszamy na nasza strone facebook www.facebook.com\/polskacafe Do zobaczenia! W imieniu ochotnik\u00f3w z Polska Cafe Magdalena Dijkstra Szanowni Pa\u0144stwo, Serdecznie zapraszamy na Wielkanocn\u0105 Polska Cafe. Koszt udzia\u0142u (robienie pisanek i innych zdobie\u0144 jajkowych) to 2,50. Zapraszamy na nasza&hellip; <br \/> <a class=\"read-more\" href=\"http:\/\/www.groningen.polskaszkola.nl\/?p=555\">Przeczytaj wi\u0119cej<\/a><\/p>\n","protected":false},"author":3,"featured_media":0,"comment_status":"closed","ping_status":"open","sticky":false,"template":"","format":"standard","meta":[],"categories":[1,13],"tags":[],"_links":{"self":[{"href":"http:\/\/www.groningen.polskaszkola.nl\/index.php?rest_route=\/wp\/v2\/posts\/555"}],"collection":[{"href":"http:\/\/www.groningen.polskaszkola.nl\/index.php?rest_route=\/wp\/v2\/posts"}],"about":[{"href":"http:\/\/www.groningen.polskaszkola.nl\/index.php?rest_route=\/wp\/v2\/types\/post"}],"author":[{"embeddable":true,"href":"http:\/\/www.groningen.polskaszkola.nl\/index.php?rest_route=\/wp\/v2\/users\/3"}],"replies":[{"embeddable":true,"href":"http:\/\/www.groningen.polskaszkola.nl\/index.php?rest_route=%2Fwp%2Fv2%2Fcomments&post=555"}],"version-history":[{"count":2,"href":"http:\/\/www.groningen.polskaszkola.nl\/index.php?rest_route=\/wp\/v2\/posts\/555\/revisions"}],"predecessor-version":[{"id":558,"href":"http:\/\/www.groningen.polskaszkola.nl\/index.php?rest_route=\/wp\/v2\/posts\/555\/revisions\/558"}],"wp:attachment":[{"href":"http:\/\/www.groningen.polskaszkola.nl\/index.php?rest_route=%2Fwp%2Fv2%2Fmedia&parent=555"}],"wp:term":[{"taxonomy":"category","embeddable":true,"href":"http:\/\/www.groningen.polskaszkola.nl\/index.php?rest_route=%2Fwp%2Fv2%2Fcategories&post=555"},{"taxonomy":"post_tag","embeddable":true,"href":"http:\/\/www.groningen.polskaszkola.nl\/index.php?rest_route=%2Fwp%2Fv2%2Ftags&post=555"}],"curies":[{"name":"wp","href":"https:\/\/api.w.org\/{rel}","templated":true}]}}